{"id":643,"date":"2020-03-05T18:03:01","date_gmt":"2020-03-05T17:03:01","guid":{"rendered":"http:\/\/www.ehca.at\/?p=643"},"modified":"2020-03-05T18:03:23","modified_gmt":"2020-03-05T17:03:23","slug":"neue-publikation-des-zentrum-fuer-umweltgeschichte-zu-wasser-stadt-wien","status":"publish","type":"post","link":"https:\/\/www.ehca.at\/?p=643","title":{"rendered":"Neue Publikation des Zentrum f\u00fcr Umweltgeschichte zu &#8222;Wasser Stadt Wien&#8220;"},"content":{"rendered":"<p>Das Zentrum f\u00fcr Umweltgeschichte hat eine neue Publikation auf den Tisch gelegt (Autor*innen: Gertrud Haidvogl, Friedrich Hauer, Severin Hohensinner, Erich Raith, Martin Schmid, Christoph Sonnlechner, Christina Spitzbart-Glasl, Verena Winiwarter). \u201eWasser Stadt Wien \u2013 Eine Umweltgeschichte\u201c folgt dem gemeinsamen Wandel der Stadt Wien und ihrer Gew\u00e4sser in den letzten 500 Jahren. Auf einer Reise durch Zeiten und R\u00e4ume, die bis zum Schwarzen Meer und an die Nordsee f\u00fchrt, laden die Beitr\u00e4ge zum Verweilen am Nu\u00dfdorfer Wehr ein ebenso wie zur Spurensuche an den verschwundenen M\u00fchlb\u00e4chen der Liesing. Sie besuchen die Donauschiffer und Donaufischer, die W\u00e4scherm\u00e4del und Bierbrauer, das Stadtphysikat oder die Kommissionen f\u00fcr die Donauregulierung und die Wasserversorgung. Berichtet wird \u00fcber die sich ver\u00e4ndernde Rolle der Donau und der Wienerwaldb\u00e4che f\u00fcr das Leben und Wirtschaften in der Stadt und \u00fcber die Einfl\u00fcsse, die zu den gro\u00dfen Transformationen der Gew\u00e4sserlandschaft f\u00fchrten. &#8222;Wasser Stadt Wien&#8220; ist als Printausgabe \u00fcber das Technische Museum Wien sowie das MA45 erh\u00e4ltlich und steht zudem Open Access zum <a href=\"https:\/\/boku.ac.at\/fileadmin\/data\/H03000\/H81000\/H81200\/_TEMP_\/aktuell\/ZUG_2019_-_Wasser_Stadt_Wien.pdf\">Download<\/a> zur Verf\u00fcgung.<\/p>\n<div class=\"edit-link\"><a class=\"post-edit-link\" href=\"\">edit<\/a><\/div>","protected":false},"excerpt":{"rendered":"<p>Das Zentrum f\u00fcr Umweltgeschichte hat eine neue Publikation auf den Tisch gelegt (Autor*innen: Gertrud Haidvogl, Friedrich Hauer, Severin Hohensinner, Erich Raith, Martin Schmid, Christoph Sonnlechner, Christina Spitzbart-Glasl, Verena Winiwarter). \u201eWasser Stadt Wien \u2013 Eine Umweltgeschichte\u201c folgt dem gemeinsamen Wandel der Stadt Wien und&#8230;<\/p>\n","protected":false},"author":4,"featured_media":0,"comment_status":"closed","ping_status":"closed","sticky":false,"template":"","format":"standard","meta":{"footnotes":""},"categories":[6],"tags":[],"class_list":["post-643","post","type-post","status-publish","format-standard","hentry","category-aktuelles"],"_links":{"self":[{"href":"https:\/\/www.ehca.at\/index.php?rest_route=\/wp\/v2\/posts\/643","targetHints":{"allow":["GET"]}}],"collection":[{"href":"https:\/\/www.ehca.at\/index.php?rest_route=\/wp\/v2\/posts"}],"about":[{"href":"https:\/\/www.ehca.at\/index.php?rest_route=\/wp\/v2\/types\/post"}],"author":[{"embeddable":true,"href":"https:\/\/www.ehca.at\/index.php?rest_route=\/wp\/v2\/users\/4"}],"replies":[{"embeddable":true,"href":"https:\/\/www.ehca.at\/index.php?rest_route=%2Fwp%2Fv2%2Fcomments&post=643"}],"version-history":[{"count":2,"href":"https:\/\/www.ehca.at\/index.php?rest_route=\/wp\/v2\/posts\/643\/revisions"}],"predecessor-version":[{"id":645,"href":"https:\/\/www.ehca.at\/index.php?rest_route=\/wp\/v2\/posts\/643\/revisions\/645"}],"wp:attachment":[{"href":"https:\/\/www.ehca.at\/index.php?rest_route=%2Fwp%2Fv2%2Fmedia&parent=643"}],"wp:term":[{"taxonomy":"category","embeddable":true,"href":"https:\/\/www.ehca.at\/index.php?rest_route=%2Fwp%2Fv2%2Fcategories&post=643"},{"taxonomy":"post_tag","embeddable":true,"href":"https:\/\/www.ehca.at\/index.php?rest_route=%2Fwp%2Fv2%2Ftags&post=643"}],"curies":[{"name":"wp","href":"https:\/\/api.w.org\/{rel}","templated":true}]}}