{"id":622,"date":"2020-01-16T10:09:48","date_gmt":"2020-01-16T09:09:48","guid":{"rendered":"http:\/\/www.ehca.at\/?p=622"},"modified":"2020-01-16T10:10:11","modified_gmt":"2020-01-16T09:10:11","slug":"cfp-sopmmeruniversitaet-in-paris-umweltgeschichte-in-frankreich-und-deutschland","status":"publish","type":"post","link":"https:\/\/www.ehca.at\/?p=622","title":{"rendered":"CfP: Sommeruniversit\u00e4t in Paris &#8222;Umweltgeschichte in Frankreich und Deutschland&#8220;"},"content":{"rendered":"<p>Das Deutsche Historische Institut Paris organisiert vom 16. bis 19. Juni 2020 zusammen mit der \u00c9cole des Hautes \u00c9tudes en Sciences Sociales&#8220; (CHR-GRHEN) eine Sommeruniversit\u00e4t zu &#8222;Umweltgeschichte in Frankreich und Deutschland: Aktuelle Probleme und Zukunftsperspektiven&#8220;. Der <a href=\"http:\/\/www.ehca.at\/wp-content\/uploads\/2020\/01\/2019_CfP_DHIP_Sommeruni_Umweltgeschichte.pdf\" target=\"_blank\" rel=\"noopener noreferrer\">Call for Paper<\/a> l\u00e4uft noch bis 16. Februar 2020.<\/p>\n<div class=\"edit-link\"><a class=\"post-edit-link\" href=\"\">edit<\/a><\/div>","protected":false},"excerpt":{"rendered":"<p>Das Deutsche Historische Institut Paris organisiert vom 16. bis 19. Juni 2020 zusammen mit der \u00c9cole des Hautes \u00c9tudes en Sciences Sociales&#8220; (CHR-GRHEN) eine Sommeruniversit\u00e4t zu &#8222;Umweltgeschichte in Frankreich und Deutschland: Aktuelle Probleme und Zukunftsperspektiven&#8220;. Der Call for Paper l\u00e4uft noch bis 16.&#8230;<\/p>\n","protected":false},"author":4,"featured_media":0,"comment_status":"closed","ping_status":"closed","sticky":false,"template":"","format":"standard","meta":{"footnotes":""},"categories":[6],"tags":[],"class_list":["post-622","post","type-post","status-publish","format-standard","hentry","category-aktuelles"],"_links":{"self":[{"href":"https:\/\/www.ehca.at\/index.php?rest_route=\/wp\/v2\/posts\/622","targetHints":{"allow":["GET"]}}],"collection":[{"href":"https:\/\/www.ehca.at\/index.php?rest_route=\/wp\/v2\/posts"}],"about":[{"href":"https:\/\/www.ehca.at\/index.php?rest_route=\/wp\/v2\/types\/post"}],"author":[{"embeddable":true,"href":"https:\/\/www.ehca.at\/index.php?rest_route=\/wp\/v2\/users\/4"}],"replies":[{"embeddable":true,"href":"https:\/\/www.ehca.at\/index.php?rest_route=%2Fwp%2Fv2%2Fcomments&post=622"}],"version-history":[{"count":3,"href":"https:\/\/www.ehca.at\/index.php?rest_route=\/wp\/v2\/posts\/622\/revisions"}],"predecessor-version":[{"id":626,"href":"https:\/\/www.ehca.at\/index.php?rest_route=\/wp\/v2\/posts\/622\/revisions\/626"}],"wp:attachment":[{"href":"https:\/\/www.ehca.at\/index.php?rest_route=%2Fwp%2Fv2%2Fmedia&parent=622"}],"wp:term":[{"taxonomy":"category","embeddable":true,"href":"https:\/\/www.ehca.at\/index.php?rest_route=%2Fwp%2Fv2%2Fcategories&post=622"},{"taxonomy":"post_tag","embeddable":true,"href":"https:\/\/www.ehca.at\/index.php?rest_route=%2Fwp%2Fv2%2Ftags&post=622"}],"curies":[{"name":"wp","href":"https:\/\/api.w.org\/{rel}","templated":true}]}}