{"id":569,"date":"2019-07-11T17:50:10","date_gmt":"2019-07-11T15:50:10","guid":{"rendered":"http:\/\/www.ehca.at\/?p=569"},"modified":"2019-07-11T17:50:10","modified_gmt":"2019-07-11T15:50:10","slug":"call-for-contributions-streams","status":"publish","type":"post","link":"https:\/\/www.ehca.at\/?p=569","title":{"rendered":"Call for Contributions: STREAMS"},"content":{"rendered":"\n<p>Vom 5. bis 8. August 2020 findet am KTH Environmental Humanities Laboratory in Stockholm eine &#8222;International Environmental Humanities Conference&#8220; statt, welche den trans- und interdisziplin\u00e4ren Austausch zwischen WissenschaftlerInnen, K\u00fcnstlerInnen, AktivistInnen, Medien und Policy-Makern ankurbeln m\u00f6chte. Der <a href=\"http:\/\/www.ehca.at\/wp-content\/uploads\/2019\/07\/Streams_Invitation-Call-for-Contributions.pdf\">Call for Papers<\/a> l\u00e4uft bis 30. September 2019.<\/p>\n<div class=\"edit-link\"><a class=\"post-edit-link\" href=\"\">edit<\/a><\/div>","protected":false},"excerpt":{"rendered":"<p>Vom 5. bis 8. August 2020 findet am KTH Environmental Humanities Laboratory in Stockholm eine &#8222;International Environmental Humanities Conference&#8220; statt, welche den trans- und interdisziplin\u00e4ren Austausch zwischen WissenschaftlerInnen, K\u00fcnstlerInnen, AktivistInnen, Medien und Policy-Makern ankurbeln m\u00f6chte. Der Call for Papers l\u00e4uft bis 30. September&#8230;<\/p>\n","protected":false},"author":4,"featured_media":0,"comment_status":"closed","ping_status":"closed","sticky":false,"template":"","format":"standard","meta":{"footnotes":""},"categories":[6],"tags":[],"class_list":["post-569","post","type-post","status-publish","format-standard","hentry","category-aktuelles"],"_links":{"self":[{"href":"https:\/\/www.ehca.at\/index.php?rest_route=\/wp\/v2\/posts\/569","targetHints":{"allow":["GET"]}}],"collection":[{"href":"https:\/\/www.ehca.at\/index.php?rest_route=\/wp\/v2\/posts"}],"about":[{"href":"https:\/\/www.ehca.at\/index.php?rest_route=\/wp\/v2\/types\/post"}],"author":[{"embeddable":true,"href":"https:\/\/www.ehca.at\/index.php?rest_route=\/wp\/v2\/users\/4"}],"replies":[{"embeddable":true,"href":"https:\/\/www.ehca.at\/index.php?rest_route=%2Fwp%2Fv2%2Fcomments&post=569"}],"version-history":[{"count":1,"href":"https:\/\/www.ehca.at\/index.php?rest_route=\/wp\/v2\/posts\/569\/revisions"}],"predecessor-version":[{"id":570,"href":"https:\/\/www.ehca.at\/index.php?rest_route=\/wp\/v2\/posts\/569\/revisions\/570"}],"wp:attachment":[{"href":"https:\/\/www.ehca.at\/index.php?rest_route=%2Fwp%2Fv2%2Fmedia&parent=569"}],"wp:term":[{"taxonomy":"category","embeddable":true,"href":"https:\/\/www.ehca.at\/index.php?rest_route=%2Fwp%2Fv2%2Fcategories&post=569"},{"taxonomy":"post_tag","embeddable":true,"href":"https:\/\/www.ehca.at\/index.php?rest_route=%2Fwp%2Fv2%2Ftags&post=569"}],"curies":[{"name":"wp","href":"https:\/\/api.w.org\/{rel}","templated":true}]}}