{"id":563,"date":"2019-06-18T10:40:39","date_gmt":"2019-06-18T08:40:39","guid":{"rendered":"http:\/\/www.ehca.at\/?p=563"},"modified":"2019-09-23T14:29:05","modified_gmt":"2019-09-23T12:29:05","slug":"call-for-paper-dissertantinnen-tagung-2020-in-innsbruck","status":"publish","type":"post","link":"https:\/\/www.ehca.at\/?p=563","title":{"rendered":"Call for Paper: DissertantInnen-Tagung 2020 in Innsbruck &#8211; verl\u00e4ngerte Deadline bis 10.10.2019!"},"content":{"rendered":"\r\n<p>Nach Linz und Wien wird die kommende DissertantInnen-Tagung in Wirtschafts-, Sozial- und Umweltgeschichte am 27. und 28. Februar 2020 in Innsbruck stattfinden. Der <a href=\"http:\/\/www.ehca.at\/wp-content\/uploads\/2019\/06\/CfP_DissertantInnen_Tagung-2020_Innsbruck.pdf\">Call\u00a0 <\/a>richtet sich an Doktorierende aus den Bereichen Wirtschafts-, Sozial- und Umweltgeschichte sowie anderen Disziplinen mit wirtschafts-, sozial- oder umwelthistorisch relevanten Themen, die ihre Dissertationen entweder an einer \u00f6sterreichischen Universit\u00e4t verfassen oder eine Zweitbetreuung an einer \u00f6sterreichischen Universit\u00e4t haben. Die <strong>Deadline<\/strong> f\u00fcr Bewerbung wurde auf den <strong>10. Oktober 2019<\/strong> verl\u00e4ngert.<\/p>\r\n<div class=\"edit-link\"><a class=\"post-edit-link\" href=\"\">edit<\/a><\/div>","protected":false},"excerpt":{"rendered":"<p>Nach Linz und Wien wird die kommende DissertantInnen-Tagung in Wirtschafts-, Sozial- und Umweltgeschichte am 27. und 28. Februar 2020 in Innsbruck stattfinden. Der Call\u00a0 richtet sich an Doktorierende aus den Bereichen Wirtschafts-, Sozial- und Umweltgeschichte sowie anderen Disziplinen mit wirtschafts-, sozial- oder umwelthistorisch&#8230;<\/p>\n","protected":false},"author":4,"featured_media":0,"comment_status":"closed","ping_status":"closed","sticky":false,"template":"","format":"standard","meta":{"footnotes":""},"categories":[6],"tags":[],"class_list":["post-563","post","type-post","status-publish","format-standard","hentry","category-aktuelles"],"_links":{"self":[{"href":"https:\/\/www.ehca.at\/index.php?rest_route=\/wp\/v2\/posts\/563","targetHints":{"allow":["GET"]}}],"collection":[{"href":"https:\/\/www.ehca.at\/index.php?rest_route=\/wp\/v2\/posts"}],"about":[{"href":"https:\/\/www.ehca.at\/index.php?rest_route=\/wp\/v2\/types\/post"}],"author":[{"embeddable":true,"href":"https:\/\/www.ehca.at\/index.php?rest_route=\/wp\/v2\/users\/4"}],"replies":[{"embeddable":true,"href":"https:\/\/www.ehca.at\/index.php?rest_route=%2Fwp%2Fv2%2Fcomments&post=563"}],"version-history":[{"count":4,"href":"https:\/\/www.ehca.at\/index.php?rest_route=\/wp\/v2\/posts\/563\/revisions"}],"predecessor-version":[{"id":613,"href":"https:\/\/www.ehca.at\/index.php?rest_route=\/wp\/v2\/posts\/563\/revisions\/613"}],"wp:attachment":[{"href":"https:\/\/www.ehca.at\/index.php?rest_route=%2Fwp%2Fv2%2Fmedia&parent=563"}],"wp:term":[{"taxonomy":"category","embeddable":true,"href":"https:\/\/www.ehca.at\/index.php?rest_route=%2Fwp%2Fv2%2Fcategories&post=563"},{"taxonomy":"post_tag","embeddable":true,"href":"https:\/\/www.ehca.at\/index.php?rest_route=%2Fwp%2Fv2%2Ftags&post=563"}],"curies":[{"name":"wp","href":"https:\/\/api.w.org\/{rel}","templated":true}]}}