{"id":558,"date":"2019-05-10T11:09:22","date_gmt":"2019-05-10T09:09:22","guid":{"rendered":"http:\/\/www.ehca.at\/?p=558"},"modified":"2019-08-08T12:11:47","modified_gmt":"2019-08-08T10:11:47","slug":"wir-gratulieren-verena-winiwarter","status":"publish","type":"post","link":"https:\/\/www.ehca.at\/?p=558","title":{"rendered":"Wir gratulieren Verena Winiwarter!"},"content":{"rendered":"\n<p>Unser Vorstandsmitglied Verena Winiwarter (Universit\u00e4t f\u00fcr Bodenkultur, Wien), Altpr\u00e4sidentin der ESEH und Pr\u00e4sidentin von ICEHO, wurde von der Universit\u00e4t Aalborg (D\u00e4nemark) als eine der weltweit f\u00fchrenden Pers\u00f6nlichkeiten, die kreativ und beharrlich an der Umweltgeschichte gearbeitet haben, mit der <a rel=\"noreferrer noopener\" aria-label=\"Ehrendoktorw\u00fcrde (\u00f6ffnet in neuem Tab)\" href=\"https:\/\/www.cgs.aau.dk\/nyheder\/vis\/verdensberoemt-miljoehistoriker-er-ny-aeresdoktor-paa-aalborg-universitet.cid406161\" target=\"_blank\">Ehrendoktorw\u00fcrde<\/a> ausgezeichnet. Wir gratulieren! <\/p>\n<div class=\"edit-link\"><a class=\"post-edit-link\" href=\"\">edit<\/a><\/div>","protected":false},"excerpt":{"rendered":"<p>Unser Vorstandsmitglied Verena Winiwarter (Universit\u00e4t f\u00fcr Bodenkultur, Wien), Altpr\u00e4sidentin der ESEH und Pr\u00e4sidentin von ICEHO, wurde von der Universit\u00e4t Aalborg (D\u00e4nemark) als eine der weltweit f\u00fchrenden Pers\u00f6nlichkeiten, die kreativ und beharrlich an der Umweltgeschichte gearbeitet haben, mit der Ehrendoktorw\u00fcrde ausgezeichnet. Wir gratulieren! edit<\/p>\n","protected":false},"author":3,"featured_media":0,"comment_status":"closed","ping_status":"closed","sticky":false,"template":"","format":"standard","meta":{"footnotes":""},"categories":[6],"tags":[],"class_list":["post-558","post","type-post","status-publish","format-standard","hentry","category-aktuelles"],"_links":{"self":[{"href":"https:\/\/www.ehca.at\/index.php?rest_route=\/wp\/v2\/posts\/558","targetHints":{"allow":["GET"]}}],"collection":[{"href":"https:\/\/www.ehca.at\/index.php?rest_route=\/wp\/v2\/posts"}],"about":[{"href":"https:\/\/www.ehca.at\/index.php?rest_route=\/wp\/v2\/types\/post"}],"author":[{"embeddable":true,"href":"https:\/\/www.ehca.at\/index.php?rest_route=\/wp\/v2\/users\/3"}],"replies":[{"embeddable":true,"href":"https:\/\/www.ehca.at\/index.php?rest_route=%2Fwp%2Fv2%2Fcomments&post=558"}],"version-history":[{"count":3,"href":"https:\/\/www.ehca.at\/index.php?rest_route=\/wp\/v2\/posts\/558\/revisions"}],"predecessor-version":[{"id":572,"href":"https:\/\/www.ehca.at\/index.php?rest_route=\/wp\/v2\/posts\/558\/revisions\/572"}],"wp:attachment":[{"href":"https:\/\/www.ehca.at\/index.php?rest_route=%2Fwp%2Fv2%2Fmedia&parent=558"}],"wp:term":[{"taxonomy":"category","embeddable":true,"href":"https:\/\/www.ehca.at\/index.php?rest_route=%2Fwp%2Fv2%2Fcategories&post=558"},{"taxonomy":"post_tag","embeddable":true,"href":"https:\/\/www.ehca.at\/index.php?rest_route=%2Fwp%2Fv2%2Ftags&post=558"}],"curies":[{"name":"wp","href":"https:\/\/api.w.org\/{rel}","templated":true}]}}